{"id":11297,"date":"2026-04-27T03:10:01","date_gmt":"2026-04-27T03:10:01","guid":{"rendered":"https:\/\/www.5zssumperk.cz\/?p=11297"},"modified":"2026-04-27T03:10:02","modified_gmt":"2026-04-27T03:10:02","slug":"den-bez-masa","status":"publish","type":"post","link":"https:\/\/www.5zssumperk.cz\/index.php\/2026\/04\/27\/den-bez-masa\/","title":{"rendered":"Den bez masa"},"content":{"rendered":"\n<p>&#8230;&nbsp;chov hospod\u00e1\u0159sk\u00fdch zv\u00ed\u0159at zat\u011b\u017euje&nbsp;na\u0161e klima v\u00edc ne\u017e v\u0161echna letadla, lod\u011b, auta a&nbsp;vlaky na&nbsp;sv\u011bt\u011b? Omezen\u00edm masa v&nbsp;na\u0161em j\u00eddeln\u00ed\u010dku m\u016f\u017eeme sn\u00ed\u017eit uhl\u00edkovou stopu a\u017e o&nbsp;30 %.<\/p>\n\n\n\n<p>Maso a\u00a0ml\u00e9\u010dn\u00e9 v\u00fdrobky\u00a0znamenaj\u00ed\u00a0n\u011bkolikan\u00e1sobn\u011b vy\u0161\u0161\u00ed z\u00e1t\u011b\u017e pro\u00a0\u017eivotn\u00ed prost\u0159ed\u00ed, ne\u017e potraviny rostlinn\u00e9ho p\u016fvodu. Nemus\u00edme se st\u00e1t nutn\u011b vegetari\u00e1ny, ale m\u016f\u017eeme zm\u011bnit na\u0161e stravovac\u00ed n\u00e1vyky.V\u00fdzva:\u00a0<strong>D\u00e1\u0161 1 den bez masa?<\/strong><\/p>\n\n\n\n<p><a href=\"https:\/\/ekoskola.cz\/projekty\/kampanoh\/vyzvy\/jime-zdrave-a-ekologicky\/\">https:\/\/ekoskola.cz\/projekty\/kampanoh\/vyzvy\/jime-zdrave-a-ekologicky\/<\/a><\/p>\n","protected":false},"excerpt":{"rendered":"<p>&#8230;&nbsp;chov hospod\u00e1\u0159sk\u00fdch zv\u00ed\u0159at zat\u011b\u017euje&nbsp;na\u0161e klima v\u00edc ne\u017e v\u0161echna letadla, lod\u011b, auta a&nbsp;vlaky na&nbsp;sv\u011bt\u011b? Omezen\u00edm masa v&nbsp;na\u0161em j\u00eddeln\u00ed\u010dku m\u016f\u017eeme sn\u00ed\u017eit uhl\u00edkovou stopu a\u017e o&nbsp;30 %. Maso a\u00a0ml\u00e9\u010dn\u00e9 v\u00fdrobky\u00a0znamenaj\u00ed\u00a0n\u011bkolikan\u00e1sobn\u011b vy\u0161\u0161\u00ed z\u00e1t\u011b\u017e pro\u00a0\u017eivotn\u00ed prost\u0159ed\u00ed, ne\u017e potraviny rostlinn\u00e9ho p\u016fvodu. Nemus\u00edme se st\u00e1t nutn\u011b vegetari\u00e1ny, ale m\u016f\u017eeme zm\u011bnit na\u0161e stravovac\u00ed n\u00e1vyky.V\u00fdzva:\u00a0D\u00e1\u0161 1 den bez masa? https:\/\/ekoskola.cz\/projekty\/kampanoh\/vyzvy\/jime-zdrave-a-ekologicky\/<\/p>\n","protected":false},"author":1,"featured_media":11298,"comment_status":"open","ping_status":"open","sticky":false,"template":"","format":"standard","meta":[],"categories":[210],"tags":[],"_links":{"self":[{"href":"https:\/\/www.5zssumperk.cz\/index.php\/wp-json\/wp\/v2\/posts\/11297"}],"collection":[{"href":"https:\/\/www.5zssumperk.cz\/index.php\/wp-json\/wp\/v2\/posts"}],"about":[{"href":"https:\/\/www.5zssumperk.cz\/index.php\/wp-json\/wp\/v2\/types\/post"}],"author":[{"embeddable":true,"href":"https:\/\/www.5zssumperk.cz\/index.php\/wp-json\/wp\/v2\/users\/1"}],"replies":[{"embeddable":true,"href":"https:\/\/www.5zssumperk.cz\/index.php\/wp-json\/wp\/v2\/comments?post=11297"}],"version-history":[{"count":1,"href":"https:\/\/www.5zssumperk.cz\/index.php\/wp-json\/wp\/v2\/posts\/11297\/revisions"}],"predecessor-version":[{"id":11299,"href":"https:\/\/www.5zssumperk.cz\/index.php\/wp-json\/wp\/v2\/posts\/11297\/revisions\/11299"}],"wp:featuredmedia":[{"embeddable":true,"href":"https:\/\/www.5zssumperk.cz\/index.php\/wp-json\/wp\/v2\/media\/11298"}],"wp:attachment":[{"href":"https:\/\/www.5zssumperk.cz\/index.php\/wp-json\/wp\/v2\/media?parent=11297"}],"wp:term":[{"taxonomy":"category","embeddable":true,"href":"https:\/\/www.5zssumperk.cz\/index.php\/wp-json\/wp\/v2\/categories?post=11297"},{"taxonomy":"post_tag","embeddable":true,"href":"https:\/\/www.5zssumperk.cz\/index.php\/wp-json\/wp\/v2\/tags?post=11297"}],"curies":[{"name":"wp","href":"https:\/\/api.w.org\/{rel}","templated":true}]}}